{"id":926,"date":"2012-05-24T12:43:39","date_gmt":"2012-05-24T15:43:39","guid":{"rendered":"http:\/\/www.encontrapiracicaba.com.br\/noticias\/?p=926"},"modified":"2019-04-12T16:05:47","modified_gmt":"2019-04-12T19:05:47","slug":"festa-das-nacoes-reune-gastronomia-de-mais-de-10-paises-em-piracicaba","status":"publish","type":"post","link":"https:\/\/www.encontrapiracicaba.com.br\/sobre\/festa-das-nacoes-reune-gastronomia-de-mais-de-10-paises-em-piracicaba\/","title":{"rendered":"Festa das Na\u00e7\u00f5es re\u00fane gastronomia de mais de 10 pa\u00edses em Piracicaba"},"content":{"rendered":"<div class=\"85df007ed5c0c4d4b453fd13a37855e8\" data-index=\"1\" style=\"float: none; margin:0px;\">\n<!-- Anuncio display - global -->\r\n<ins class=\"adsbygoogle\"\r\n     style=\"display:block\"\r\n     data-ad-client=\"ca-pub-8585364105181520\"\r\n     data-ad-slot=\"8789329856\"\r\n     data-ad-format=\"auto\"\r\n     data-full-width-responsive=\"true\"><\/ins>\r\n<script>\r\n     (adsbygoogle = window.adsbygoogle || []).push({});\r\n<\/script>\n<\/div>\n<p>A Festa das Na\u00e7\u00f5es, tradicional evento de Piracicaba, que tem a renda revertida para 21 institui\u00e7\u00f5es sociais, come\u00e7ou ontem (23) e segue at\u00e9 domingo (27). O encontro de iguarias e culturas de 10 diferentes pa\u00edses ocorre a partir das 19h, no Engenho Central.<\/p>\n<p>Segundo informa\u00e7\u00f5es da Prefeitura de Piracicaba, ser\u00e3o 17 barracas com comidas de pa\u00edses como Alemanha, Cuba, Espanha, Estados Unidos, Fran\u00e7a, Holanda, It\u00e1lia, Jap\u00e3o, M\u00e9xico, Portugal, al\u00e9m de culin\u00e1ria \u00e1rabe e das regi\u00f5es norte, sul e sudeste do Brasil. Ao todo, mil volunt\u00e1rios trabalham no local.<\/p>\n<p>Al\u00e9m das atra\u00e7\u00f5es gastron\u00f4micas, o evento tamb\u00e9m contar\u00e1 com apresenta\u00e7\u00f5es de m\u00fasica e dan\u00e7as folcl\u00f3ricas. Os ingressos custam R$ 5, com meia-entrada para estudantes com carteirinha e maiores de 60 anos. Para os idosos com carteira municipal de idoso e crian\u00e7as com at\u00e9 6 anos, a entrada \u00e9 gratuita . Para estacionar, os motoristas pagar\u00e3o R$ 15 e os motociclistas R$ 10.<\/p>\n<p><strong>Servi\u00e7o<\/strong><br \/>\n28\u00aa Festa das Na\u00e7\u00f5es<\/p>\n<p><strong><\/strong><strong>24\/05 &#8211;<\/strong> Das 19h \u00e0s 24h<br \/>\n<strong>25\/05 \u2013<\/strong> Das 18h30 \u00e0s 2h<br \/>\n<strong>26\/05 \u2013<\/strong> Das 11h \u00e0s 2h<br \/>\n<strong>27\/05 \u2013<\/strong> Das 11h \u00e0s 19h<\/p>\n<p>O Engenho Central fica na Avenida Dr. Maurice Allain, 454, Vila Rezende<em><\/em><\/p>\n<p>Fonte: G1<\/p>\n\n<div style=\"font-size: 0px; height: 0px; line-height: 0px; margin: 0; padding: 0; clear: both;\"><\/div>","protected":false},"excerpt":{"rendered":"<p>A Festa das Na\u00e7\u00f5es, tradicional evento de Piracicaba, que tem a renda revertida para 21 institui\u00e7\u00f5es sociais, come\u00e7ou ontem (23) e segue at\u00e9 domingo (27). O encontro de iguarias e culturas de 10 diferentes pa\u00edses ocorre a partir das 19h, no Engenho Central. Segundo informa\u00e7\u00f5es da Prefeitura de Piracicaba, ser\u00e3o 17 barracas com comidas de pa\u00edses como Alemanha, Cuba, Espanha, Estados Unidos, Fran\u00e7a, Holanda, It\u00e1lia, Jap\u00e3o, M\u00e9xico, Portugal, al\u00e9m de culin\u00e1ria \u00e1rabe e das regi\u00f5es norte, sul e sudeste do Brasil. Ao todo, mil volunt\u00e1rios trabalham no local. Al\u00e9m das atra\u00e7\u00f5es gastron\u00f4micas, o evento tamb\u00e9m contar\u00e1 com apresenta\u00e7\u00f5es de m\u00fasica <\/p>\n","protected":false},"author":1,"featured_media":0,"comment_status":"open","ping_status":"closed","sticky":false,"template":"","format":"standard","meta":{"footnotes":""},"categories":[6],"tags":[],"class_list":["post-926","post","type-post","status-publish","format-standard","hentry","category-noticias-em-piracicaba"],"aioseo_notices":[],"aioseo_head":"\n\t\t<!-- All in One SEO 5.0.0.1 - aioseo.com -->\n\t<meta name=\"robots\" content=\"max-image-preview:large\" \/>\n\t<meta name=\"author\" content=\"Encontra Piracicaba\"\/>\n\t<link rel=\"canonical\" href=\"https:\/\/www.encontrapiracicaba.com.br\/sobre\/festa-das-nacoes-reune-gastronomia-de-mais-de-10-paises-em-piracicaba\/\" \/>\n\t<meta name=\"generator\" content=\"All in One SEO (AIOSEO) 5.0.0.1\" \/>\n\t\t<meta property=\"og:locale\" content=\"pt_BR\" \/>\n\t\t<meta property=\"og:site_name\" content=\"Encontra Piracicaba | Not\u00edcias, eventos, informa\u00e7\u00f5es e dicas na cidade de Piracicaba e regi\u00e3o\" \/>\n\t\t<meta property=\"og:type\" content=\"article\" \/>\n\t\t<meta property=\"og:title\" content=\"Festa das Na\u00e7\u00f5es re\u00fane gastronomia de mais de 10 pa\u00edses em Piracicaba | Encontra Piracicaba\" \/>\n\t\t<meta property=\"og:url\" content=\"https:\/\/www.encontrapiracicaba.com.br\/sobre\/festa-das-nacoes-reune-gastronomia-de-mais-de-10-paises-em-piracicaba\/\" \/>\n\t\t<meta property=\"article:published_time\" content=\"2012-05-24T15:43:39+00:00\" \/>\n\t\t<meta property=\"article:modified_time\" content=\"2019-04-12T19:05:47+00:00\" \/>\n\t\t<meta name=\"twitter:card\" content=\"summary\" \/>\n\t\t<meta name=\"twitter:title\" content=\"Festa das Na\u00e7\u00f5es re\u00fane gastronomia de mais de 10 pa\u00edses em Piracicaba | Encontra Piracicaba\" \/>\n\t\t<script type=\"application\/ld+json\" class=\"aioseo-schema\">\n\t\t\t{\"@context\":\"https:\\\/\\\/schema.org\",\"@graph\":[{\"@type\":\"Article\",\"@id\":\"https:\\\/\\\/www.encontrapiracicaba.com.br\\\/sobre\\\/festa-das-nacoes-reune-gastronomia-de-mais-de-10-paises-em-piracicaba\\\/#article\",\"name\":\"Festa das Na\\u00e7\\u00f5es re\\u00fane gastronomia de mais de 10 pa\\u00edses em Piracicaba | Encontra Piracicaba\",\"headline\":\"Festa das Na\\u00e7\\u00f5es re\\u00fane gastronomia de mais de 10 pa\\u00edses em Piracicaba\",\"author\":{\"@id\":\"https:\\\/\\\/www.encontrapiracicaba.com.br\\\/sobre\\\/author\\\/epiracicaba\\\/#author\"},\"publisher\":{\"@id\":\"https:\\\/\\\/www.encontrapiracicaba.com.br\\\/sobre\\\/#organization\"},\"datePublished\":\"2012-05-24T12:43:39-03:00\",\"dateModified\":\"2019-04-12T16:05:47-03:00\",\"inLanguage\":\"pt-BR\",\"mainEntityOfPage\":{\"@id\":\"https:\\\/\\\/www.encontrapiracicaba.com.br\\\/sobre\\\/festa-das-nacoes-reune-gastronomia-de-mais-de-10-paises-em-piracicaba\\\/#webpage\"},\"isPartOf\":{\"@id\":\"https:\\\/\\\/www.encontrapiracicaba.com.br\\\/sobre\\\/festa-das-nacoes-reune-gastronomia-de-mais-de-10-paises-em-piracicaba\\\/#webpage\"},\"articleSection\":\"Not\\u00edcias Piracicaba\"},{\"@type\":\"BreadcrumbList\",\"@id\":\"https:\\\/\\\/www.encontrapiracicaba.com.br\\\/sobre\\\/festa-das-nacoes-reune-gastronomia-de-mais-de-10-paises-em-piracicaba\\\/#breadcrumblist\",\"itemListElement\":[{\"@type\":\"ListItem\",\"@id\":\"https:\\\/\\\/www.encontrapiracicaba.com.br\\\/sobre#listItem\",\"position\":1,\"name\":\"In\\u00edcio\",\"item\":\"https:\\\/\\\/www.encontrapiracicaba.com.br\\\/sobre\",\"nextItem\":{\"@type\":\"ListItem\",\"@id\":\"https:\\\/\\\/www.encontrapiracicaba.com.br\\\/sobre\\\/noticias-em-piracicaba\\\/#listItem\",\"name\":\"Not\\u00edcias Piracicaba\"}},{\"@type\":\"ListItem\",\"@id\":\"https:\\\/\\\/www.encontrapiracicaba.com.br\\\/sobre\\\/noticias-em-piracicaba\\\/#listItem\",\"position\":2,\"name\":\"Not\\u00edcias Piracicaba\",\"item\":\"https:\\\/\\\/www.encontrapiracicaba.com.br\\\/sobre\\\/noticias-em-piracicaba\\\/\",\"nextItem\":{\"@type\":\"ListItem\",\"@id\":\"https:\\\/\\\/www.encontrapiracicaba.com.br\\\/sobre\\\/festa-das-nacoes-reune-gastronomia-de-mais-de-10-paises-em-piracicaba\\\/#listItem\",\"name\":\"Festa das Na\\u00e7\\u00f5es re\\u00fane gastronomia de mais de 10 pa\\u00edses em Piracicaba\"},\"previousItem\":{\"@type\":\"ListItem\",\"@id\":\"https:\\\/\\\/www.encontrapiracicaba.com.br\\\/sobre#listItem\",\"name\":\"In\\u00edcio\"}},{\"@type\":\"ListItem\",\"@id\":\"https:\\\/\\\/www.encontrapiracicaba.com.br\\\/sobre\\\/festa-das-nacoes-reune-gastronomia-de-mais-de-10-paises-em-piracicaba\\\/#listItem\",\"position\":3,\"name\":\"Festa das Na\\u00e7\\u00f5es re\\u00fane gastronomia de mais de 10 pa\\u00edses em Piracicaba\",\"previousItem\":{\"@type\":\"ListItem\",\"@id\":\"https:\\\/\\\/www.encontrapiracicaba.com.br\\\/sobre\\\/noticias-em-piracicaba\\\/#listItem\",\"name\":\"Not\\u00edcias Piracicaba\"}}]},{\"@type\":\"Organization\",\"@id\":\"https:\\\/\\\/www.encontrapiracicaba.com.br\\\/sobre\\\/#organization\",\"name\":\"Encontra Piracicaba\",\"description\":\"Not\\u00edcias, eventos, informa\\u00e7\\u00f5es e dicas na cidade de Piracicaba e regi\\u00e3o\",\"url\":\"https:\\\/\\\/www.encontrapiracicaba.com.br\\\/sobre\\\/\"},{\"@type\":\"Person\",\"@id\":\"https:\\\/\\\/www.encontrapiracicaba.com.br\\\/sobre\\\/author\\\/epiracicaba\\\/#author\",\"url\":\"https:\\\/\\\/www.encontrapiracicaba.com.br\\\/sobre\\\/author\\\/epiracicaba\\\/\",\"name\":\"Encontra Piracicaba\",\"image\":{\"@type\":\"ImageObject\",\"@id\":\"https:\\\/\\\/www.encontrapiracicaba.com.br\\\/sobre\\\/festa-das-nacoes-reune-gastronomia-de-mais-de-10-paises-em-piracicaba\\\/#authorImage\",\"url\":\"https:\\\/\\\/secure.gravatar.com\\\/avatar\\\/507340682b8270222e1f208e23198b6ae7e2c6a1033ae84e99bc6bce4f82a387?s=96&d=mm&r=g\",\"width\":96,\"height\":96,\"caption\":\"Encontra Piracicaba\"}},{\"@type\":\"WebPage\",\"@id\":\"https:\\\/\\\/www.encontrapiracicaba.com.br\\\/sobre\\\/festa-das-nacoes-reune-gastronomia-de-mais-de-10-paises-em-piracicaba\\\/#webpage\",\"url\":\"https:\\\/\\\/www.encontrapiracicaba.com.br\\\/sobre\\\/festa-das-nacoes-reune-gastronomia-de-mais-de-10-paises-em-piracicaba\\\/\",\"name\":\"Festa das Na\\u00e7\\u00f5es re\\u00fane gastronomia de mais de 10 pa\\u00edses em Piracicaba | Encontra Piracicaba\",\"inLanguage\":\"pt-BR\",\"isPartOf\":{\"@id\":\"https:\\\/\\\/www.encontrapiracicaba.com.br\\\/sobre\\\/#website\"},\"breadcrumb\":{\"@id\":\"https:\\\/\\\/www.encontrapiracicaba.com.br\\\/sobre\\\/festa-das-nacoes-reune-gastronomia-de-mais-de-10-paises-em-piracicaba\\\/#breadcrumblist\"},\"author\":{\"@id\":\"https:\\\/\\\/www.encontrapiracicaba.com.br\\\/sobre\\\/author\\\/epiracicaba\\\/#author\"},\"creator\":{\"@id\":\"https:\\\/\\\/www.encontrapiracicaba.com.br\\\/sobre\\\/author\\\/epiracicaba\\\/#author\"},\"datePublished\":\"2012-05-24T12:43:39-03:00\",\"dateModified\":\"2019-04-12T16:05:47-03:00\"},{\"@type\":\"WebSite\",\"@id\":\"https:\\\/\\\/www.encontrapiracicaba.com.br\\\/sobre\\\/#website\",\"url\":\"https:\\\/\\\/www.encontrapiracicaba.com.br\\\/sobre\\\/\",\"name\":\"Encontra Piracicaba\",\"description\":\"Not\\u00edcias, eventos, informa\\u00e7\\u00f5es e dicas na cidade de Piracicaba e regi\\u00e3o\",\"inLanguage\":\"pt-BR\",\"publisher\":{\"@id\":\"https:\\\/\\\/www.encontrapiracicaba.com.br\\\/sobre\\\/#organization\"}}]}\n\t\t<\/script>\n\t\t<!-- All in One SEO -->\n\n","aioseo_head_json":{"title":"Festa das Na\u00e7\u00f5es re\u00fane gastronomia de mais de 10 pa\u00edses em Piracicaba | Encontra Piracicaba","description":"","canonical_url":"https:\/\/www.encontrapiracicaba.com.br\/sobre\/festa-das-nacoes-reune-gastronomia-de-mais-de-10-paises-em-piracicaba\/","robots":"max-image-preview:large","keywords":"","webmasterTools":{"miscellaneous":""},"schema":{"@context":"https:\/\/schema.org","@graph":[{"@type":"Article","@id":"https:\/\/www.encontrapiracicaba.com.br\/sobre\/festa-das-nacoes-reune-gastronomia-de-mais-de-10-paises-em-piracicaba\/#article","name":"Festa das Na\u00e7\u00f5es re\u00fane gastronomia de mais de 10 pa\u00edses em Piracicaba | Encontra Piracicaba","headline":"Festa das Na\u00e7\u00f5es re\u00fane gastronomia de mais de 10 pa\u00edses em Piracicaba","author":{"@id":"https:\/\/www.encontrapiracicaba.com.br\/sobre\/author\/epiracicaba\/#author"},"publisher":{"@id":"https:\/\/www.encontrapiracicaba.com.br\/sobre\/#organization"},"datePublished":"2012-05-24T12:43:39-03:00","dateModified":"2019-04-12T16:05:47-03:00","inLanguage":"pt-BR","mainEntityOfPage":{"@id":"https:\/\/www.encontrapiracicaba.com.br\/sobre\/festa-das-nacoes-reune-gastronomia-de-mais-de-10-paises-em-piracicaba\/#webpage"},"isPartOf":{"@id":"https:\/\/www.encontrapiracicaba.com.br\/sobre\/festa-das-nacoes-reune-gastronomia-de-mais-de-10-paises-em-piracicaba\/#webpage"},"articleSection":"Not\u00edcias Piracicaba"},{"@type":"BreadcrumbList","@id":"https:\/\/www.encontrapiracicaba.com.br\/sobre\/festa-das-nacoes-reune-gastronomia-de-mais-de-10-paises-em-piracicaba\/#breadcrumblist","itemListElement":[{"@type":"ListItem","@id":"https:\/\/www.encontrapiracicaba.com.br\/sobre#listItem","position":1,"name":"In\u00edcio","item":"https:\/\/www.encontrapiracicaba.com.br\/sobre","nextItem":{"@type":"ListItem","@id":"https:\/\/www.encontrapiracicaba.com.br\/sobre\/noticias-em-piracicaba\/#listItem","name":"Not\u00edcias Piracicaba"}},{"@type":"ListItem","@id":"https:\/\/www.encontrapiracicaba.com.br\/sobre\/noticias-em-piracicaba\/#listItem","position":2,"name":"Not\u00edcias Piracicaba","item":"https:\/\/www.encontrapiracicaba.com.br\/sobre\/noticias-em-piracicaba\/","nextItem":{"@type":"ListItem","@id":"https:\/\/www.encontrapiracicaba.com.br\/sobre\/festa-das-nacoes-reune-gastronomia-de-mais-de-10-paises-em-piracicaba\/#listItem","name":"Festa das Na\u00e7\u00f5es re\u00fane gastronomia de mais de 10 pa\u00edses em Piracicaba"},"previousItem":{"@type":"ListItem","@id":"https:\/\/www.encontrapiracicaba.com.br\/sobre#listItem","name":"In\u00edcio"}},{"@type":"ListItem","@id":"https:\/\/www.encontrapiracicaba.com.br\/sobre\/festa-das-nacoes-reune-gastronomia-de-mais-de-10-paises-em-piracicaba\/#listItem","position":3,"name":"Festa das Na\u00e7\u00f5es re\u00fane gastronomia de mais de 10 pa\u00edses em Piracicaba","previousItem":{"@type":"ListItem","@id":"https:\/\/www.encontrapiracicaba.com.br\/sobre\/noticias-em-piracicaba\/#listItem","name":"Not\u00edcias Piracicaba"}}]},{"@type":"Organization","@id":"https:\/\/www.encontrapiracicaba.com.br\/sobre\/#organization","name":"Encontra Piracicaba","description":"Not\u00edcias, eventos, informa\u00e7\u00f5es e dicas na cidade de Piracicaba e regi\u00e3o","url":"https:\/\/www.encontrapiracicaba.com.br\/sobre\/"},{"@type":"Person","@id":"https:\/\/www.encontrapiracicaba.com.br\/sobre\/author\/epiracicaba\/#author","url":"https:\/\/www.encontrapiracicaba.com.br\/sobre\/author\/epiracicaba\/","name":"Encontra Piracicaba","image":{"@type":"ImageObject","@id":"https:\/\/www.encontrapiracicaba.com.br\/sobre\/festa-das-nacoes-reune-gastronomia-de-mais-de-10-paises-em-piracicaba\/#authorImage","url":"https:\/\/secure.gravatar.com\/avatar\/507340682b8270222e1f208e23198b6ae7e2c6a1033ae84e99bc6bce4f82a387?s=96&d=mm&r=g","width":96,"height":96,"caption":"Encontra Piracicaba"}},{"@type":"WebPage","@id":"https:\/\/www.encontrapiracicaba.com.br\/sobre\/festa-das-nacoes-reune-gastronomia-de-mais-de-10-paises-em-piracicaba\/#webpage","url":"https:\/\/www.encontrapiracicaba.com.br\/sobre\/festa-das-nacoes-reune-gastronomia-de-mais-de-10-paises-em-piracicaba\/","name":"Festa das Na\u00e7\u00f5es re\u00fane gastronomia de mais de 10 pa\u00edses em Piracicaba | Encontra Piracicaba","inLanguage":"pt-BR","isPartOf":{"@id":"https:\/\/www.encontrapiracicaba.com.br\/sobre\/#website"},"breadcrumb":{"@id":"https:\/\/www.encontrapiracicaba.com.br\/sobre\/festa-das-nacoes-reune-gastronomia-de-mais-de-10-paises-em-piracicaba\/#breadcrumblist"},"author":{"@id":"https:\/\/www.encontrapiracicaba.com.br\/sobre\/author\/epiracicaba\/#author"},"creator":{"@id":"https:\/\/www.encontrapiracicaba.com.br\/sobre\/author\/epiracicaba\/#author"},"datePublished":"2012-05-24T12:43:39-03:00","dateModified":"2019-04-12T16:05:47-03:00"},{"@type":"WebSite","@id":"https:\/\/www.encontrapiracicaba.com.br\/sobre\/#website","url":"https:\/\/www.encontrapiracicaba.com.br\/sobre\/","name":"Encontra Piracicaba","description":"Not\u00edcias, eventos, informa\u00e7\u00f5es e dicas na cidade de Piracicaba e regi\u00e3o","inLanguage":"pt-BR","publisher":{"@id":"https:\/\/www.encontrapiracicaba.com.br\/sobre\/#organization"}}]},"og:locale":"pt_BR","og:site_name":"Encontra Piracicaba | Not\u00edcias, eventos, informa\u00e7\u00f5es e dicas na cidade de Piracicaba e regi\u00e3o","og:type":"article","og:title":"Festa das Na\u00e7\u00f5es re\u00fane gastronomia de mais de 10 pa\u00edses em Piracicaba | Encontra Piracicaba","og:url":"https:\/\/www.encontrapiracicaba.com.br\/sobre\/festa-das-nacoes-reune-gastronomia-de-mais-de-10-paises-em-piracicaba\/","article:published_time":"2012-05-24T15:43:39+00:00","article:modified_time":"2019-04-12T19:05:47+00:00","twitter:card":"summary","twitter:title":"Festa das Na\u00e7\u00f5es re\u00fane gastronomia de mais de 10 pa\u00edses em Piracicaba | Encontra Piracicaba"},"aioseo_meta_data":{"post_id":"926","title":null,"description":null,"keywords":null,"keyphrases":null,"primary_term":null,"canonical_url":null,"og_title":null,"og_description":null,"og_object_type":"default","og_image_type":"default","og_image_url":null,"og_image_width":null,"og_image_height":null,"og_image_custom_url":null,"og_image_custom_fields":null,"og_video":null,"og_custom_url":null,"og_article_section":null,"og_article_tags":null,"twitter_use_og":false,"twitter_card":"default","twitter_image_type":"default","twitter_image_url":null,"twitter_image_custom_url":null,"twitter_image_custom_fields":null,"twitter_title":null,"twitter_description":null,"schema":{"blockGraphs":[],"customGraphs":[],"default":{"data":{"Article":[],"Course":[],"Dataset":[],"FAQPage":[],"Movie":[],"Person":[],"Product":[],"ProductReview":[],"Car":[],"Recipe":[],"Service":[],"SoftwareApplication":[],"WebPage":[]},"graphName":"Article","isEnabled":true},"graphs":[]},"schema_type":null,"schema_type_options":null,"pillar_content":false,"robots_default":true,"robots_noindex":false,"robots_noarchive":false,"robots_nosnippet":false,"robots_nofollow":false,"robots_noimageindex":false,"robots_noodp":false,"robots_notranslate":false,"robots_max_snippet":null,"robots_max_videopreview":null,"robots_max_imagepreview":"large","priority":null,"frequency":null,"local_seo":null,"breadcrumb_settings":null,"limit_modified_date":false,"ai":null,"created":"2021-08-13 20:57:44","updated":"2025-10-04 00:07:46","focus_keyword":null,"additional_keywords":null,"truseo_locale":null,"seo_analyzer_scan_date":null},"aioseo_breadcrumb":"<div class=\"aioseo-breadcrumbs\"><span class=\"aioseo-breadcrumb\">\n\t\t\t<a href=\"https:\/\/www.encontrapiracicaba.com.br\/sobre\" title=\"In\u00edcio\">In\u00edcio<\/a>\n\t\t<\/span><span class=\"aioseo-breadcrumb-separator\">&raquo;<\/span><span class=\"aioseo-breadcrumb\">\n\t\t\t<a href=\"https:\/\/www.encontrapiracicaba.com.br\/sobre\/noticias-em-piracicaba\/\" title=\"Not\u00edcias Piracicaba\">Not\u00edcias Piracicaba<\/a>\n\t\t<\/span><span class=\"aioseo-breadcrumb-separator\">&raquo;<\/span><span class=\"aioseo-breadcrumb\">\n\t\t\tFesta das Na\u00e7\u00f5es re\u00fane gastronomia de mais de 10 pa\u00edses em Piracicaba\n\t\t<\/span><\/div>","aioseo_breadcrumb_json":[{"label":"In\u00edcio","link":"https:\/\/www.encontrapiracicaba.com.br\/sobre"},{"label":"Not\u00edcias Piracicaba","link":"https:\/\/www.encontrapiracicaba.com.br\/sobre\/noticias-em-piracicaba\/"},{"label":"Festa das Na\u00e7\u00f5es re\u00fane gastronomia de mais de 10 pa\u00edses em Piracicaba","link":"https:\/\/www.encontrapiracicaba.com.br\/sobre\/festa-das-nacoes-reune-gastronomia-de-mais-de-10-paises-em-piracicaba\/"}],"_links":{"self":[{"href":"https:\/\/www.encontrapiracicaba.com.br\/sobre\/wp-json\/wp\/v2\/posts\/926","targetHints":{"allow":["GET"]}}],"collection":[{"href":"https:\/\/www.encontrapiracicaba.com.br\/sobre\/wp-json\/wp\/v2\/posts"}],"about":[{"href":"https:\/\/www.encontrapiracicaba.com.br\/sobre\/wp-json\/wp\/v2\/types\/post"}],"author":[{"embeddable":true,"href":"https:\/\/www.encontrapiracicaba.com.br\/sobre\/wp-json\/wp\/v2\/users\/1"}],"replies":[{"embeddable":true,"href":"https:\/\/www.encontrapiracicaba.com.br\/sobre\/wp-json\/wp\/v2\/comments?post=926"}],"version-history":[{"count":6,"href":"https:\/\/www.encontrapiracicaba.com.br\/sobre\/wp-json\/wp\/v2\/posts\/926\/revisions"}],"predecessor-version":[{"id":2689,"href":"https:\/\/www.encontrapiracicaba.com.br\/sobre\/wp-json\/wp\/v2\/posts\/926\/revisions\/2689"}],"wp:attachment":[{"href":"https:\/\/www.encontrapiracicaba.com.br\/sobre\/wp-json\/wp\/v2\/media?parent=926"}],"wp:term":[{"taxonomy":"category","embeddable":true,"href":"https:\/\/www.encontrapiracicaba.com.br\/sobre\/wp-json\/wp\/v2\/categories?post=926"},{"taxonomy":"post_tag","embeddable":true,"href":"https:\/\/www.encontrapiracicaba.com.br\/sobre\/wp-json\/wp\/v2\/tags?post=926"}],"curies":[{"name":"wp","href":"https:\/\/api.w.org\/{rel}","templated":true}]}}