{"id":966,"date":"2012-06-27T10:53:54","date_gmt":"2012-06-27T13:53:54","guid":{"rendered":"http:\/\/www.encontrapiracicaba.com.br\/noticias\/?p=966"},"modified":"2019-04-12T16:05:46","modified_gmt":"2019-04-12T19:05:46","slug":"seccional-de-piracicaba-preve-seguro-caro-apos-aumento-de-97-nos-furtos","status":"publish","type":"post","link":"https:\/\/www.encontrapiracicaba.com.br\/sobre\/seccional-de-piracicaba-preve-seguro-caro-apos-aumento-de-97-nos-furtos\/","title":{"rendered":"Seccional de Piracicaba pr\u00eave seguro caro ap\u00f3s aumento de 97% nos furtos"},"content":{"rendered":"<div class=\"85df007ed5c0c4d4b453fd13a37855e8\" data-index=\"1\" style=\"float: none; margin:0px;\">\n<!-- Anuncio display - global -->\r\n<ins class=\"adsbygoogle\"\r\n     style=\"display:block\"\r\n     data-ad-client=\"ca-pub-8585364105181520\"\r\n     data-ad-slot=\"8789329856\"\r\n     data-ad-format=\"auto\"\r\n     data-full-width-responsive=\"true\"><\/ins>\r\n<script>\r\n     (adsbygoogle = window.adsbygoogle || []).push({});\r\n<\/script>\n<\/div>\n<div id=\"materia-letra\">\n<div>\n<div>\n<p>O delegado seccional de Piracicaba, Jo\u00e3o Jos\u00e9 Dutra, comentou ontem (26) que o aumento do n\u00famero de furtos de ve\u00edculos no munic\u00edpio vai se refletir diretamente no encarecimento do pre\u00e7o do seguro. Segundo o \u00edndice de crimes de maio divulgado pela Secretaria de Seguran\u00e7a P\u00fablica do Estado, houve crescimento de 97,2% nesse tipo de delito em rela\u00e7\u00e3o ao mesmo m\u00eas no ano passado.<\/p>\n<p>O crime \u00e9 o que apresentou maior crescimento no per\u00edodo. Subiu de 108 no ano passado para 213 em 2012 . Dutra comentou que h\u00e1 dificuldades em controlar a a\u00e7\u00e3o que devido ao aumento da frota tem se tornado recorrente. &#8220;N\u00f3s (for\u00e7as policiais) estamos fazendo nosso trabalho, mas em maio a pol\u00edcia n\u00e3o foi feliz e impediu o crime poucas vezes&#8221;, disse.<\/p>\n<p><strong>Fraude e excesso de confian\u00e7a<\/strong><br \/>\nDutra destacou que as poss\u00edveis fraudes e a falta de cuidado em fun\u00e7\u00e3o do seguro dos ve\u00edculos tamb\u00e9m contribuem. &#8220;Eu n\u00e3o tenho n\u00fameros, mas \u00e9 poss\u00edvel que haja muitos crimes de fraude contra as seguradoras. As vezes o seguro paga mais pelo carro do que o seu real pre\u00e7o. O que ocorre \u00e9 que as empresas passam a cobrar mais caro&#8221;, disse. A fraude \u00e9 crime e pode levar o seu autor a at\u00e9 cinco anos de pris\u00e3o.<\/p>\n<p><strong>Desmanche<br \/>\n<\/strong>O delegado tamb\u00e9m criticou aqueles que alimentam o crime ao comprar pe\u00e7as de proced\u00eancia duvidosa. &#8220;O pr\u00f3prio consumidor acaba procurando pe\u00e7as de proced\u00eancia duvidosa por serem mais baratas. Isso acaba alimentando os desmanches e o pr\u00f3prio crime&#8221;, completou.<\/p>\n<p><strong>Trabalho e melhora<br \/>\n<\/strong>Segundo Dutra, o m\u00eas de junho deve apresentar diminui\u00e7\u00e3o nos crimes, mas o pr\u00f3prio delegado tem dificuldades em identificar a raz\u00e3o para o aumento ocorrido. N\u00e3o houve uma opera\u00e7\u00e3o que justifique a mudan\u00e7a de um m\u00eas para o outro.<\/p>\n<p><em>Fonte: G1<\/em><\/p>\n<\/div>\n<\/div>\n<\/div>\n\n<div style=\"font-size: 0px; height: 0px; line-height: 0px; margin: 0; padding: 0; clear: both;\"><\/div>","protected":false},"excerpt":{"rendered":"<p>O delegado seccional de Piracicaba, Jo\u00e3o Jos\u00e9 Dutra, comentou ontem (26) que o aumento do n\u00famero de furtos de ve\u00edculos no munic\u00edpio vai se refletir diretamente no encarecimento do pre\u00e7o do seguro. Segundo o \u00edndice de crimes de maio divulgado pela Secretaria de Seguran\u00e7a P\u00fablica do Estado, houve crescimento de 97,2% nesse tipo de delito em rela\u00e7\u00e3o ao mesmo m\u00eas no ano passado. O crime \u00e9 o que apresentou maior crescimento no per\u00edodo. Subiu de 108 no ano passado para 213 em 2012 . Dutra comentou que h\u00e1 dificuldades em controlar a a\u00e7\u00e3o que devido ao aumento da frota tem <\/p>\n","protected":false},"author":1,"featured_media":0,"comment_status":"open","ping_status":"closed","sticky":false,"template":"","format":"standard","meta":{"footnotes":""},"categories":[6],"tags":[],"class_list":["post-966","post","type-post","status-publish","format-standard","hentry","category-noticias-em-piracicaba"],"aioseo_notices":[],"aioseo_head":"\n\t\t<!-- All in One SEO 5.0.0.1 - aioseo.com -->\n\t<meta name=\"robots\" content=\"max-image-preview:large\" \/>\n\t<meta name=\"author\" content=\"Encontra Piracicaba\"\/>\n\t<link rel=\"canonical\" href=\"https:\/\/www.encontrapiracicaba.com.br\/sobre\/seccional-de-piracicaba-preve-seguro-caro-apos-aumento-de-97-nos-furtos\/\" \/>\n\t<meta name=\"generator\" content=\"All in One SEO (AIOSEO) 5.0.0.1\" \/>\n\t\t<meta property=\"og:locale\" content=\"pt_BR\" \/>\n\t\t<meta property=\"og:site_name\" content=\"Encontra Piracicaba | Not\u00edcias, eventos, informa\u00e7\u00f5es e dicas na cidade de Piracicaba e regi\u00e3o\" \/>\n\t\t<meta property=\"og:type\" content=\"article\" \/>\n\t\t<meta property=\"og:title\" content=\"Seccional de Piracicaba pr\u00eave seguro caro ap\u00f3s aumento de 97% nos furtos | Encontra Piracicaba\" \/>\n\t\t<meta property=\"og:url\" content=\"https:\/\/www.encontrapiracicaba.com.br\/sobre\/seccional-de-piracicaba-preve-seguro-caro-apos-aumento-de-97-nos-furtos\/\" \/>\n\t\t<meta property=\"article:published_time\" content=\"2012-06-27T13:53:54+00:00\" \/>\n\t\t<meta property=\"article:modified_time\" content=\"2019-04-12T19:05:46+00:00\" \/>\n\t\t<meta name=\"twitter:card\" content=\"summary\" \/>\n\t\t<meta name=\"twitter:title\" content=\"Seccional de Piracicaba pr\u00eave seguro caro ap\u00f3s aumento de 97% nos furtos | Encontra Piracicaba\" \/>\n\t\t<script type=\"application\/ld+json\" class=\"aioseo-schema\">\n\t\t\t{\"@context\":\"https:\\\/\\\/schema.org\",\"@graph\":[{\"@type\":\"Article\",\"@id\":\"https:\\\/\\\/www.encontrapiracicaba.com.br\\\/sobre\\\/seccional-de-piracicaba-preve-seguro-caro-apos-aumento-de-97-nos-furtos\\\/#article\",\"name\":\"Seccional de Piracicaba pr\\u00eave seguro caro ap\\u00f3s aumento de 97% nos furtos | Encontra Piracicaba\",\"headline\":\"Seccional de Piracicaba pr\\u00eave seguro caro ap\\u00f3s aumento de 97% nos furtos\",\"author\":{\"@id\":\"https:\\\/\\\/www.encontrapiracicaba.com.br\\\/sobre\\\/author\\\/epiracicaba\\\/#author\"},\"publisher\":{\"@id\":\"https:\\\/\\\/www.encontrapiracicaba.com.br\\\/sobre\\\/#organization\"},\"datePublished\":\"2012-06-27T10:53:54-03:00\",\"dateModified\":\"2019-04-12T16:05:46-03:00\",\"inLanguage\":\"pt-BR\",\"mainEntityOfPage\":{\"@id\":\"https:\\\/\\\/www.encontrapiracicaba.com.br\\\/sobre\\\/seccional-de-piracicaba-preve-seguro-caro-apos-aumento-de-97-nos-furtos\\\/#webpage\"},\"isPartOf\":{\"@id\":\"https:\\\/\\\/www.encontrapiracicaba.com.br\\\/sobre\\\/seccional-de-piracicaba-preve-seguro-caro-apos-aumento-de-97-nos-furtos\\\/#webpage\"},\"articleSection\":\"Not\\u00edcias Piracicaba\"},{\"@type\":\"BreadcrumbList\",\"@id\":\"https:\\\/\\\/www.encontrapiracicaba.com.br\\\/sobre\\\/seccional-de-piracicaba-preve-seguro-caro-apos-aumento-de-97-nos-furtos\\\/#breadcrumblist\",\"itemListElement\":[{\"@type\":\"ListItem\",\"@id\":\"https:\\\/\\\/www.encontrapiracicaba.com.br\\\/sobre#listItem\",\"position\":1,\"name\":\"In\\u00edcio\",\"item\":\"https:\\\/\\\/www.encontrapiracicaba.com.br\\\/sobre\",\"nextItem\":{\"@type\":\"ListItem\",\"@id\":\"https:\\\/\\\/www.encontrapiracicaba.com.br\\\/sobre\\\/noticias-em-piracicaba\\\/#listItem\",\"name\":\"Not\\u00edcias Piracicaba\"}},{\"@type\":\"ListItem\",\"@id\":\"https:\\\/\\\/www.encontrapiracicaba.com.br\\\/sobre\\\/noticias-em-piracicaba\\\/#listItem\",\"position\":2,\"name\":\"Not\\u00edcias Piracicaba\",\"item\":\"https:\\\/\\\/www.encontrapiracicaba.com.br\\\/sobre\\\/noticias-em-piracicaba\\\/\",\"nextItem\":{\"@type\":\"ListItem\",\"@id\":\"https:\\\/\\\/www.encontrapiracicaba.com.br\\\/sobre\\\/seccional-de-piracicaba-preve-seguro-caro-apos-aumento-de-97-nos-furtos\\\/#listItem\",\"name\":\"Seccional de Piracicaba pr\\u00eave seguro caro ap\\u00f3s aumento de 97% nos furtos\"},\"previousItem\":{\"@type\":\"ListItem\",\"@id\":\"https:\\\/\\\/www.encontrapiracicaba.com.br\\\/sobre#listItem\",\"name\":\"In\\u00edcio\"}},{\"@type\":\"ListItem\",\"@id\":\"https:\\\/\\\/www.encontrapiracicaba.com.br\\\/sobre\\\/seccional-de-piracicaba-preve-seguro-caro-apos-aumento-de-97-nos-furtos\\\/#listItem\",\"position\":3,\"name\":\"Seccional de Piracicaba pr\\u00eave seguro caro ap\\u00f3s aumento de 97% nos furtos\",\"previousItem\":{\"@type\":\"ListItem\",\"@id\":\"https:\\\/\\\/www.encontrapiracicaba.com.br\\\/sobre\\\/noticias-em-piracicaba\\\/#listItem\",\"name\":\"Not\\u00edcias Piracicaba\"}}]},{\"@type\":\"Organization\",\"@id\":\"https:\\\/\\\/www.encontrapiracicaba.com.br\\\/sobre\\\/#organization\",\"name\":\"Encontra Piracicaba\",\"description\":\"Not\\u00edcias, eventos, informa\\u00e7\\u00f5es e dicas na cidade de Piracicaba e regi\\u00e3o\",\"url\":\"https:\\\/\\\/www.encontrapiracicaba.com.br\\\/sobre\\\/\"},{\"@type\":\"Person\",\"@id\":\"https:\\\/\\\/www.encontrapiracicaba.com.br\\\/sobre\\\/author\\\/epiracicaba\\\/#author\",\"url\":\"https:\\\/\\\/www.encontrapiracicaba.com.br\\\/sobre\\\/author\\\/epiracicaba\\\/\",\"name\":\"Encontra Piracicaba\",\"image\":{\"@type\":\"ImageObject\",\"@id\":\"https:\\\/\\\/www.encontrapiracicaba.com.br\\\/sobre\\\/seccional-de-piracicaba-preve-seguro-caro-apos-aumento-de-97-nos-furtos\\\/#authorImage\",\"url\":\"https:\\\/\\\/secure.gravatar.com\\\/avatar\\\/507340682b8270222e1f208e23198b6ae7e2c6a1033ae84e99bc6bce4f82a387?s=96&d=mm&r=g\",\"width\":96,\"height\":96,\"caption\":\"Encontra Piracicaba\"}},{\"@type\":\"WebPage\",\"@id\":\"https:\\\/\\\/www.encontrapiracicaba.com.br\\\/sobre\\\/seccional-de-piracicaba-preve-seguro-caro-apos-aumento-de-97-nos-furtos\\\/#webpage\",\"url\":\"https:\\\/\\\/www.encontrapiracicaba.com.br\\\/sobre\\\/seccional-de-piracicaba-preve-seguro-caro-apos-aumento-de-97-nos-furtos\\\/\",\"name\":\"Seccional de Piracicaba pr\\u00eave seguro caro ap\\u00f3s aumento de 97% nos furtos | Encontra Piracicaba\",\"inLanguage\":\"pt-BR\",\"isPartOf\":{\"@id\":\"https:\\\/\\\/www.encontrapiracicaba.com.br\\\/sobre\\\/#website\"},\"breadcrumb\":{\"@id\":\"https:\\\/\\\/www.encontrapiracicaba.com.br\\\/sobre\\\/seccional-de-piracicaba-preve-seguro-caro-apos-aumento-de-97-nos-furtos\\\/#breadcrumblist\"},\"author\":{\"@id\":\"https:\\\/\\\/www.encontrapiracicaba.com.br\\\/sobre\\\/author\\\/epiracicaba\\\/#author\"},\"creator\":{\"@id\":\"https:\\\/\\\/www.encontrapiracicaba.com.br\\\/sobre\\\/author\\\/epiracicaba\\\/#author\"},\"datePublished\":\"2012-06-27T10:53:54-03:00\",\"dateModified\":\"2019-04-12T16:05:46-03:00\"},{\"@type\":\"WebSite\",\"@id\":\"https:\\\/\\\/www.encontrapiracicaba.com.br\\\/sobre\\\/#website\",\"url\":\"https:\\\/\\\/www.encontrapiracicaba.com.br\\\/sobre\\\/\",\"name\":\"Encontra Piracicaba\",\"description\":\"Not\\u00edcias, eventos, informa\\u00e7\\u00f5es e dicas na cidade de Piracicaba e regi\\u00e3o\",\"inLanguage\":\"pt-BR\",\"publisher\":{\"@id\":\"https:\\\/\\\/www.encontrapiracicaba.com.br\\\/sobre\\\/#organization\"}}]}\n\t\t<\/script>\n\t\t<!-- All in One SEO -->\n\n","aioseo_head_json":{"title":"Seccional de Piracicaba pr\u00eave seguro caro ap\u00f3s aumento de 97% nos furtos | Encontra Piracicaba","description":"","canonical_url":"https:\/\/www.encontrapiracicaba.com.br\/sobre\/seccional-de-piracicaba-preve-seguro-caro-apos-aumento-de-97-nos-furtos\/","robots":"max-image-preview:large","keywords":"","webmasterTools":{"miscellaneous":""},"schema":{"@context":"https:\/\/schema.org","@graph":[{"@type":"Article","@id":"https:\/\/www.encontrapiracicaba.com.br\/sobre\/seccional-de-piracicaba-preve-seguro-caro-apos-aumento-de-97-nos-furtos\/#article","name":"Seccional de Piracicaba pr\u00eave seguro caro ap\u00f3s aumento de 97% nos furtos | Encontra Piracicaba","headline":"Seccional de Piracicaba pr\u00eave seguro caro ap\u00f3s aumento de 97% nos furtos","author":{"@id":"https:\/\/www.encontrapiracicaba.com.br\/sobre\/author\/epiracicaba\/#author"},"publisher":{"@id":"https:\/\/www.encontrapiracicaba.com.br\/sobre\/#organization"},"datePublished":"2012-06-27T10:53:54-03:00","dateModified":"2019-04-12T16:05:46-03:00","inLanguage":"pt-BR","mainEntityOfPage":{"@id":"https:\/\/www.encontrapiracicaba.com.br\/sobre\/seccional-de-piracicaba-preve-seguro-caro-apos-aumento-de-97-nos-furtos\/#webpage"},"isPartOf":{"@id":"https:\/\/www.encontrapiracicaba.com.br\/sobre\/seccional-de-piracicaba-preve-seguro-caro-apos-aumento-de-97-nos-furtos\/#webpage"},"articleSection":"Not\u00edcias Piracicaba"},{"@type":"BreadcrumbList","@id":"https:\/\/www.encontrapiracicaba.com.br\/sobre\/seccional-de-piracicaba-preve-seguro-caro-apos-aumento-de-97-nos-furtos\/#breadcrumblist","itemListElement":[{"@type":"ListItem","@id":"https:\/\/www.encontrapiracicaba.com.br\/sobre#listItem","position":1,"name":"In\u00edcio","item":"https:\/\/www.encontrapiracicaba.com.br\/sobre","nextItem":{"@type":"ListItem","@id":"https:\/\/www.encontrapiracicaba.com.br\/sobre\/noticias-em-piracicaba\/#listItem","name":"Not\u00edcias Piracicaba"}},{"@type":"ListItem","@id":"https:\/\/www.encontrapiracicaba.com.br\/sobre\/noticias-em-piracicaba\/#listItem","position":2,"name":"Not\u00edcias Piracicaba","item":"https:\/\/www.encontrapiracicaba.com.br\/sobre\/noticias-em-piracicaba\/","nextItem":{"@type":"ListItem","@id":"https:\/\/www.encontrapiracicaba.com.br\/sobre\/seccional-de-piracicaba-preve-seguro-caro-apos-aumento-de-97-nos-furtos\/#listItem","name":"Seccional de Piracicaba pr\u00eave seguro caro ap\u00f3s aumento de 97% nos furtos"},"previousItem":{"@type":"ListItem","@id":"https:\/\/www.encontrapiracicaba.com.br\/sobre#listItem","name":"In\u00edcio"}},{"@type":"ListItem","@id":"https:\/\/www.encontrapiracicaba.com.br\/sobre\/seccional-de-piracicaba-preve-seguro-caro-apos-aumento-de-97-nos-furtos\/#listItem","position":3,"name":"Seccional de Piracicaba pr\u00eave seguro caro ap\u00f3s aumento de 97% nos furtos","previousItem":{"@type":"ListItem","@id":"https:\/\/www.encontrapiracicaba.com.br\/sobre\/noticias-em-piracicaba\/#listItem","name":"Not\u00edcias Piracicaba"}}]},{"@type":"Organization","@id":"https:\/\/www.encontrapiracicaba.com.br\/sobre\/#organization","name":"Encontra Piracicaba","description":"Not\u00edcias, eventos, informa\u00e7\u00f5es e dicas na cidade de Piracicaba e regi\u00e3o","url":"https:\/\/www.encontrapiracicaba.com.br\/sobre\/"},{"@type":"Person","@id":"https:\/\/www.encontrapiracicaba.com.br\/sobre\/author\/epiracicaba\/#author","url":"https:\/\/www.encontrapiracicaba.com.br\/sobre\/author\/epiracicaba\/","name":"Encontra Piracicaba","image":{"@type":"ImageObject","@id":"https:\/\/www.encontrapiracicaba.com.br\/sobre\/seccional-de-piracicaba-preve-seguro-caro-apos-aumento-de-97-nos-furtos\/#authorImage","url":"https:\/\/secure.gravatar.com\/avatar\/507340682b8270222e1f208e23198b6ae7e2c6a1033ae84e99bc6bce4f82a387?s=96&d=mm&r=g","width":96,"height":96,"caption":"Encontra Piracicaba"}},{"@type":"WebPage","@id":"https:\/\/www.encontrapiracicaba.com.br\/sobre\/seccional-de-piracicaba-preve-seguro-caro-apos-aumento-de-97-nos-furtos\/#webpage","url":"https:\/\/www.encontrapiracicaba.com.br\/sobre\/seccional-de-piracicaba-preve-seguro-caro-apos-aumento-de-97-nos-furtos\/","name":"Seccional de Piracicaba pr\u00eave seguro caro ap\u00f3s aumento de 97% nos furtos | Encontra Piracicaba","inLanguage":"pt-BR","isPartOf":{"@id":"https:\/\/www.encontrapiracicaba.com.br\/sobre\/#website"},"breadcrumb":{"@id":"https:\/\/www.encontrapiracicaba.com.br\/sobre\/seccional-de-piracicaba-preve-seguro-caro-apos-aumento-de-97-nos-furtos\/#breadcrumblist"},"author":{"@id":"https:\/\/www.encontrapiracicaba.com.br\/sobre\/author\/epiracicaba\/#author"},"creator":{"@id":"https:\/\/www.encontrapiracicaba.com.br\/sobre\/author\/epiracicaba\/#author"},"datePublished":"2012-06-27T10:53:54-03:00","dateModified":"2019-04-12T16:05:46-03:00"},{"@type":"WebSite","@id":"https:\/\/www.encontrapiracicaba.com.br\/sobre\/#website","url":"https:\/\/www.encontrapiracicaba.com.br\/sobre\/","name":"Encontra Piracicaba","description":"Not\u00edcias, eventos, informa\u00e7\u00f5es e dicas na cidade de Piracicaba e regi\u00e3o","inLanguage":"pt-BR","publisher":{"@id":"https:\/\/www.encontrapiracicaba.com.br\/sobre\/#organization"}}]},"og:locale":"pt_BR","og:site_name":"Encontra Piracicaba | Not\u00edcias, eventos, informa\u00e7\u00f5es e dicas na cidade de Piracicaba e regi\u00e3o","og:type":"article","og:title":"Seccional de Piracicaba pr\u00eave seguro caro ap\u00f3s aumento de 97% nos furtos | Encontra Piracicaba","og:url":"https:\/\/www.encontrapiracicaba.com.br\/sobre\/seccional-de-piracicaba-preve-seguro-caro-apos-aumento-de-97-nos-furtos\/","article:published_time":"2012-06-27T13:53:54+00:00","article:modified_time":"2019-04-12T19:05:46+00:00","twitter:card":"summary","twitter:title":"Seccional de Piracicaba pr\u00eave seguro caro ap\u00f3s aumento de 97% nos furtos | Encontra Piracicaba"},"aioseo_meta_data":{"post_id":"966","title":null,"description":null,"keywords":null,"keyphrases":null,"primary_term":null,"canonical_url":null,"og_title":null,"og_description":null,"og_object_type":"default","og_image_type":"default","og_image_url":null,"og_image_width":null,"og_image_height":null,"og_image_custom_url":null,"og_image_custom_fields":null,"og_video":null,"og_custom_url":null,"og_article_section":null,"og_article_tags":null,"twitter_use_og":false,"twitter_card":"default","twitter_image_type":"default","twitter_image_url":null,"twitter_image_custom_url":null,"twitter_image_custom_fields":null,"twitter_title":null,"twitter_description":null,"schema":{"blockGraphs":[],"customGraphs":[],"default":{"data":{"Article":[],"Course":[],"Dataset":[],"FAQPage":[],"Movie":[],"Person":[],"Product":[],"ProductReview":[],"Car":[],"Recipe":[],"Service":[],"SoftwareApplication":[],"WebPage":[]},"graphName":"Article","isEnabled":true},"graphs":[]},"schema_type":null,"schema_type_options":null,"pillar_content":false,"robots_default":true,"robots_noindex":false,"robots_noarchive":false,"robots_nosnippet":false,"robots_nofollow":false,"robots_noimageindex":false,"robots_noodp":false,"robots_notranslate":false,"robots_max_snippet":null,"robots_max_videopreview":null,"robots_max_imagepreview":"large","priority":null,"frequency":null,"local_seo":null,"breadcrumb_settings":null,"limit_modified_date":false,"ai":null,"created":"2021-08-13 20:57:44","updated":"2025-10-04 00:17:48","focus_keyword":null,"additional_keywords":null,"truseo_locale":null,"seo_analyzer_scan_date":null},"aioseo_breadcrumb":"<div class=\"aioseo-breadcrumbs\"><span class=\"aioseo-breadcrumb\">\n\t\t\t<a href=\"https:\/\/www.encontrapiracicaba.com.br\/sobre\" title=\"In\u00edcio\">In\u00edcio<\/a>\n\t\t<\/span><span class=\"aioseo-breadcrumb-separator\">&raquo;<\/span><span class=\"aioseo-breadcrumb\">\n\t\t\t<a href=\"https:\/\/www.encontrapiracicaba.com.br\/sobre\/noticias-em-piracicaba\/\" title=\"Not\u00edcias Piracicaba\">Not\u00edcias Piracicaba<\/a>\n\t\t<\/span><span class=\"aioseo-breadcrumb-separator\">&raquo;<\/span><span class=\"aioseo-breadcrumb\">\n\t\t\tSeccional de Piracicaba pr\u00eave seguro caro ap\u00f3s aumento de 97% nos furtos\n\t\t<\/span><\/div>","aioseo_breadcrumb_json":[{"label":"In\u00edcio","link":"https:\/\/www.encontrapiracicaba.com.br\/sobre"},{"label":"Not\u00edcias Piracicaba","link":"https:\/\/www.encontrapiracicaba.com.br\/sobre\/noticias-em-piracicaba\/"},{"label":"Seccional de Piracicaba pr\u00eave seguro caro ap\u00f3s aumento de 97% nos furtos","link":"https:\/\/www.encontrapiracicaba.com.br\/sobre\/seccional-de-piracicaba-preve-seguro-caro-apos-aumento-de-97-nos-furtos\/"}],"_links":{"self":[{"href":"https:\/\/www.encontrapiracicaba.com.br\/sobre\/wp-json\/wp\/v2\/posts\/966","targetHints":{"allow":["GET"]}}],"collection":[{"href":"https:\/\/www.encontrapiracicaba.com.br\/sobre\/wp-json\/wp\/v2\/posts"}],"about":[{"href":"https:\/\/www.encontrapiracicaba.com.br\/sobre\/wp-json\/wp\/v2\/types\/post"}],"author":[{"embeddable":true,"href":"https:\/\/www.encontrapiracicaba.com.br\/sobre\/wp-json\/wp\/v2\/users\/1"}],"replies":[{"embeddable":true,"href":"https:\/\/www.encontrapiracicaba.com.br\/sobre\/wp-json\/wp\/v2\/comments?post=966"}],"version-history":[{"count":2,"href":"https:\/\/www.encontrapiracicaba.com.br\/sobre\/wp-json\/wp\/v2\/posts\/966\/revisions"}],"predecessor-version":[{"id":2272,"href":"https:\/\/www.encontrapiracicaba.com.br\/sobre\/wp-json\/wp\/v2\/posts\/966\/revisions\/2272"}],"wp:attachment":[{"href":"https:\/\/www.encontrapiracicaba.com.br\/sobre\/wp-json\/wp\/v2\/media?parent=966"}],"wp:term":[{"taxonomy":"category","embeddable":true,"href":"https:\/\/www.encontrapiracicaba.com.br\/sobre\/wp-json\/wp\/v2\/categories?post=966"},{"taxonomy":"post_tag","embeddable":true,"href":"https:\/\/www.encontrapiracicaba.com.br\/sobre\/wp-json\/wp\/v2\/tags?post=966"}],"curies":[{"name":"wp","href":"https:\/\/api.w.org\/{rel}","templated":true}]}}