{"id":983,"date":"2012-07-11T11:46:53","date_gmt":"2012-07-11T14:46:53","guid":{"rendered":"http:\/\/www.encontrapiracicaba.com.br\/noticias\/?p=983"},"modified":"2019-04-12T16:05:25","modified_gmt":"2019-04-12T19:05:25","slug":"festival-de-musica-erudita-encerra-inscricoes-no-dia-15-em-piracicaba","status":"publish","type":"post","link":"https:\/\/www.encontrapiracicaba.com.br\/sobre\/festival-de-musica-erudita-encerra-inscricoes-no-dia-15-em-piracicaba\/","title":{"rendered":"Festival de M\u00fasica Erudita encerra inscri\u00e7\u00f5es no dia 15 em Piracicaba"},"content":{"rendered":"<div class=\"85df007ed5c0c4d4b453fd13a37855e8\" data-index=\"1\" style=\"float: none; margin:0px;\">\n<!-- Anuncio display - global -->\r\n<ins class=\"adsbygoogle\"\r\n     style=\"display:block\"\r\n     data-ad-client=\"ca-pub-8585364105181520\"\r\n     data-ad-slot=\"8789329856\"\r\n     data-ad-format=\"auto\"\r\n     data-full-width-responsive=\"true\"><\/ins>\r\n<script>\r\n     (adsbygoogle = window.adsbygoogle || []).push({});\r\n<\/script>\n<\/div>\n<p>As inscri\u00e7\u00f5es para participar das aulas do Festival Internacional de M\u00fasica Erudita de Piracicaba &#8211; Feimepi &#8211; terminam no pr\u00f3ximo domingo (15). Os interessados devem preencher a ficha dispon\u00edvel na internet. A terceira edi\u00e7\u00e3o do festival, que ser\u00e1 realizada de 20 a 29 de julho, presta homenagem ao centen\u00e1rio de nascimento do regente brasileiro Eleazar de Carvalho.<\/p>\n<p>No site oficial tamb\u00e9m \u00e9 poss\u00edvel encontrar informa\u00e7\u00f5es sobre os professores e instru\u00e7\u00f5es do processo seletivo, al\u00e9m de datas e hor\u00e1rios da programa\u00e7\u00e3o pedag\u00f3gica, curr\u00edculo dos professores e informa\u00e7\u00f5es sobre hospedagem em Piracicaba.<\/p>\n<p>Aberto para estudantes de diferentes idades e hist\u00f3ricos de forma\u00e7\u00e3o, o Feimepi oferece 340 vagas distribu\u00eddas em aulas de viol\u00e3o cl\u00e1ssico, cursos de violoncelo, clarinete, composi\u00e7\u00e3o, contrabaixo, coro, fagote, flauta, piano, entre outros. O Festival aceita inscri\u00e7\u00f5es de alunos com os mais diversificados hist\u00f3ricos de forma\u00e7\u00e3o.<\/p>\n<p>O objetivo fundamental do Festival \u00e9 democratizar o acesso \u00e0 m\u00fasica cl\u00e1ssica e, para tanto, as aulas de canto coral dispensam experi\u00eancia e sele\u00e7\u00e3o pr\u00e9via. Segundo a regente Nat\u00e1lia de Souza Larangeira, respons\u00e1vel pelas aulas, n\u00e3o \u00e9 preciso sequer saber ler partituras. O evento conta com 28 professores do Brasil e de pa\u00edses como Estados Unidos, Espanha, Alemanha, Su\u00ed\u00e7a, Canad\u00e1 e Jap\u00e3o.<\/p>\n<p><strong>Programa\u00e7\u00e3o<\/strong><br \/>\nA programa\u00e7\u00e3o art\u00edstica do Feimepi inclui concertos gratuitos de orquestras nacionais e internacionais no Teatro Municipal Dr. Losso Netto, Teatro Erotides de Campos e na Catedral de Santo Ant\u00f4nio. Al\u00e9m de apresenta\u00e7\u00f5es dos grupos de m\u00fasica de c\u00e2mera na Esta\u00e7\u00e3o da Paulista, Escola Superior de Agricultura Luiz de Queiroz (Esalq\/USP), Escola de M\u00fasica de Piracicaba Maestro Ernst Mahle (Empem) e Escola Estadual Sud Mennucci.<\/p>\n<p>O primeiro concerto do Festival, no <a title=\"Teatro Municipal Dr. Losso Netto\" href=\"http:\/\/www.encontrapiracicaba.com.br\/piracicaba\/teatro-municipal-dr-em-piracicaba.shtml\" target=\"_blank\">Teatro Municipal Dr. Losso Netto<\/a>, ser\u00e1 da Orquestra Sinf\u00f4nica de Piracicaba sob reg\u00eancia dos maestros Egildo Rizzi e Sergei Eleazar de Carvalho, filho de Eleazar de Carvalho. O Teatro recebe tamb\u00e9m a Orquestra de Metais Lyra Tatu\u00ed, a Orquestra Sinf\u00f4nica Heli\u00f3polis e a Orquestra Experimental de Repert\u00f3rio, entre outras.<\/p>\n<p>O Teatro Erotides de Campos, no Engenho Central, apresenta a Cantilena Ensemble, Capella Bydgostiensis, Vokalzeit Quartet e muito mais. A programa\u00e7\u00e3o completa do Feimepi est\u00e1 dispon\u00edvel no site oficial do festival.<\/p>\n<p><strong>Lan\u00e7amento<\/strong><br \/>\nO Festival foi lan\u00e7ado no \u00faltimo dia 27 e contou com a apresenta\u00e7\u00e3o do maestro e pianista Jo\u00e3o Carlos Martins. Foi a primeira visita do m\u00fasico a Piracicaba depois que fez uma cirurgia cerebral que devolveu seus movimentos na m\u00e3o esquerda.<\/p>\n<p><em>Fonte: G1<\/em><\/p>\n\n<div style=\"font-size: 0px; height: 0px; line-height: 0px; margin: 0; padding: 0; clear: both;\"><\/div>","protected":false},"excerpt":{"rendered":"<p>As inscri\u00e7\u00f5es para participar das aulas do Festival Internacional de M\u00fasica Erudita de Piracicaba &#8211; Feimepi &#8211; terminam no pr\u00f3ximo domingo (15). Os interessados devem preencher a ficha dispon\u00edvel na internet. A terceira edi\u00e7\u00e3o do festival, que ser\u00e1 realizada de 20 a 29 de julho, presta homenagem ao centen\u00e1rio de nascimento do regente brasileiro Eleazar de Carvalho. No site oficial tamb\u00e9m \u00e9 poss\u00edvel encontrar informa\u00e7\u00f5es sobre os professores e instru\u00e7\u00f5es do processo seletivo, al\u00e9m de datas e hor\u00e1rios da programa\u00e7\u00e3o pedag\u00f3gica, curr\u00edculo dos professores e informa\u00e7\u00f5es sobre hospedagem em Piracicaba. Aberto para estudantes de diferentes idades e hist\u00f3ricos de forma\u00e7\u00e3o, <\/p>\n","protected":false},"author":1,"featured_media":0,"comment_status":"open","ping_status":"closed","sticky":false,"template":"","format":"standard","meta":{"footnotes":""},"categories":[6],"tags":[],"class_list":["post-983","post","type-post","status-publish","format-standard","hentry","category-noticias-em-piracicaba"],"aioseo_notices":[],"aioseo_head":"\n\t\t<!-- All in One SEO 5.0.0.1 - aioseo.com -->\n\t<meta name=\"robots\" content=\"max-image-preview:large\" \/>\n\t<meta name=\"author\" content=\"Encontra Piracicaba\"\/>\n\t<link rel=\"canonical\" href=\"https:\/\/www.encontrapiracicaba.com.br\/sobre\/festival-de-musica-erudita-encerra-inscricoes-no-dia-15-em-piracicaba\/\" \/>\n\t<meta name=\"generator\" content=\"All in One SEO (AIOSEO) 5.0.0.1\" \/>\n\t\t<meta property=\"og:locale\" content=\"pt_BR\" \/>\n\t\t<meta property=\"og:site_name\" content=\"Encontra Piracicaba | Not\u00edcias, eventos, informa\u00e7\u00f5es e dicas na cidade de Piracicaba e regi\u00e3o\" \/>\n\t\t<meta property=\"og:type\" content=\"article\" \/>\n\t\t<meta property=\"og:title\" content=\"Festival de M\u00fasica Erudita encerra inscri\u00e7\u00f5es no dia 15 em Piracicaba | Encontra Piracicaba\" \/>\n\t\t<meta property=\"og:url\" content=\"https:\/\/www.encontrapiracicaba.com.br\/sobre\/festival-de-musica-erudita-encerra-inscricoes-no-dia-15-em-piracicaba\/\" \/>\n\t\t<meta property=\"article:published_time\" content=\"2012-07-11T14:46:53+00:00\" \/>\n\t\t<meta property=\"article:modified_time\" content=\"2019-04-12T19:05:25+00:00\" \/>\n\t\t<meta name=\"twitter:card\" content=\"summary\" \/>\n\t\t<meta name=\"twitter:title\" content=\"Festival de M\u00fasica Erudita encerra inscri\u00e7\u00f5es no dia 15 em Piracicaba | Encontra Piracicaba\" \/>\n\t\t<script type=\"application\/ld+json\" class=\"aioseo-schema\">\n\t\t\t{\"@context\":\"https:\\\/\\\/schema.org\",\"@graph\":[{\"@type\":\"Article\",\"@id\":\"https:\\\/\\\/www.encontrapiracicaba.com.br\\\/sobre\\\/festival-de-musica-erudita-encerra-inscricoes-no-dia-15-em-piracicaba\\\/#article\",\"name\":\"Festival de M\\u00fasica Erudita encerra inscri\\u00e7\\u00f5es no dia 15 em Piracicaba | Encontra Piracicaba\",\"headline\":\"Festival de M\\u00fasica Erudita encerra inscri\\u00e7\\u00f5es no dia 15 em Piracicaba\",\"author\":{\"@id\":\"https:\\\/\\\/www.encontrapiracicaba.com.br\\\/sobre\\\/author\\\/epiracicaba\\\/#author\"},\"publisher\":{\"@id\":\"https:\\\/\\\/www.encontrapiracicaba.com.br\\\/sobre\\\/#organization\"},\"datePublished\":\"2012-07-11T11:46:53-03:00\",\"dateModified\":\"2019-04-12T16:05:25-03:00\",\"inLanguage\":\"pt-BR\",\"mainEntityOfPage\":{\"@id\":\"https:\\\/\\\/www.encontrapiracicaba.com.br\\\/sobre\\\/festival-de-musica-erudita-encerra-inscricoes-no-dia-15-em-piracicaba\\\/#webpage\"},\"isPartOf\":{\"@id\":\"https:\\\/\\\/www.encontrapiracicaba.com.br\\\/sobre\\\/festival-de-musica-erudita-encerra-inscricoes-no-dia-15-em-piracicaba\\\/#webpage\"},\"articleSection\":\"Not\\u00edcias Piracicaba\"},{\"@type\":\"BreadcrumbList\",\"@id\":\"https:\\\/\\\/www.encontrapiracicaba.com.br\\\/sobre\\\/festival-de-musica-erudita-encerra-inscricoes-no-dia-15-em-piracicaba\\\/#breadcrumblist\",\"itemListElement\":[{\"@type\":\"ListItem\",\"@id\":\"https:\\\/\\\/www.encontrapiracicaba.com.br\\\/sobre#listItem\",\"position\":1,\"name\":\"In\\u00edcio\",\"item\":\"https:\\\/\\\/www.encontrapiracicaba.com.br\\\/sobre\",\"nextItem\":{\"@type\":\"ListItem\",\"@id\":\"https:\\\/\\\/www.encontrapiracicaba.com.br\\\/sobre\\\/noticias-em-piracicaba\\\/#listItem\",\"name\":\"Not\\u00edcias Piracicaba\"}},{\"@type\":\"ListItem\",\"@id\":\"https:\\\/\\\/www.encontrapiracicaba.com.br\\\/sobre\\\/noticias-em-piracicaba\\\/#listItem\",\"position\":2,\"name\":\"Not\\u00edcias Piracicaba\",\"item\":\"https:\\\/\\\/www.encontrapiracicaba.com.br\\\/sobre\\\/noticias-em-piracicaba\\\/\",\"nextItem\":{\"@type\":\"ListItem\",\"@id\":\"https:\\\/\\\/www.encontrapiracicaba.com.br\\\/sobre\\\/festival-de-musica-erudita-encerra-inscricoes-no-dia-15-em-piracicaba\\\/#listItem\",\"name\":\"Festival de M\\u00fasica Erudita encerra inscri\\u00e7\\u00f5es no dia 15 em Piracicaba\"},\"previousItem\":{\"@type\":\"ListItem\",\"@id\":\"https:\\\/\\\/www.encontrapiracicaba.com.br\\\/sobre#listItem\",\"name\":\"In\\u00edcio\"}},{\"@type\":\"ListItem\",\"@id\":\"https:\\\/\\\/www.encontrapiracicaba.com.br\\\/sobre\\\/festival-de-musica-erudita-encerra-inscricoes-no-dia-15-em-piracicaba\\\/#listItem\",\"position\":3,\"name\":\"Festival de M\\u00fasica Erudita encerra inscri\\u00e7\\u00f5es no dia 15 em Piracicaba\",\"previousItem\":{\"@type\":\"ListItem\",\"@id\":\"https:\\\/\\\/www.encontrapiracicaba.com.br\\\/sobre\\\/noticias-em-piracicaba\\\/#listItem\",\"name\":\"Not\\u00edcias Piracicaba\"}}]},{\"@type\":\"Organization\",\"@id\":\"https:\\\/\\\/www.encontrapiracicaba.com.br\\\/sobre\\\/#organization\",\"name\":\"Encontra Piracicaba\",\"description\":\"Not\\u00edcias, eventos, informa\\u00e7\\u00f5es e dicas na cidade de Piracicaba e regi\\u00e3o\",\"url\":\"https:\\\/\\\/www.encontrapiracicaba.com.br\\\/sobre\\\/\"},{\"@type\":\"Person\",\"@id\":\"https:\\\/\\\/www.encontrapiracicaba.com.br\\\/sobre\\\/author\\\/epiracicaba\\\/#author\",\"url\":\"https:\\\/\\\/www.encontrapiracicaba.com.br\\\/sobre\\\/author\\\/epiracicaba\\\/\",\"name\":\"Encontra Piracicaba\",\"image\":{\"@type\":\"ImageObject\",\"@id\":\"https:\\\/\\\/www.encontrapiracicaba.com.br\\\/sobre\\\/festival-de-musica-erudita-encerra-inscricoes-no-dia-15-em-piracicaba\\\/#authorImage\",\"url\":\"https:\\\/\\\/secure.gravatar.com\\\/avatar\\\/507340682b8270222e1f208e23198b6ae7e2c6a1033ae84e99bc6bce4f82a387?s=96&d=mm&r=g\",\"width\":96,\"height\":96,\"caption\":\"Encontra Piracicaba\"}},{\"@type\":\"WebPage\",\"@id\":\"https:\\\/\\\/www.encontrapiracicaba.com.br\\\/sobre\\\/festival-de-musica-erudita-encerra-inscricoes-no-dia-15-em-piracicaba\\\/#webpage\",\"url\":\"https:\\\/\\\/www.encontrapiracicaba.com.br\\\/sobre\\\/festival-de-musica-erudita-encerra-inscricoes-no-dia-15-em-piracicaba\\\/\",\"name\":\"Festival de M\\u00fasica Erudita encerra inscri\\u00e7\\u00f5es no dia 15 em Piracicaba | Encontra Piracicaba\",\"inLanguage\":\"pt-BR\",\"isPartOf\":{\"@id\":\"https:\\\/\\\/www.encontrapiracicaba.com.br\\\/sobre\\\/#website\"},\"breadcrumb\":{\"@id\":\"https:\\\/\\\/www.encontrapiracicaba.com.br\\\/sobre\\\/festival-de-musica-erudita-encerra-inscricoes-no-dia-15-em-piracicaba\\\/#breadcrumblist\"},\"author\":{\"@id\":\"https:\\\/\\\/www.encontrapiracicaba.com.br\\\/sobre\\\/author\\\/epiracicaba\\\/#author\"},\"creator\":{\"@id\":\"https:\\\/\\\/www.encontrapiracicaba.com.br\\\/sobre\\\/author\\\/epiracicaba\\\/#author\"},\"datePublished\":\"2012-07-11T11:46:53-03:00\",\"dateModified\":\"2019-04-12T16:05:25-03:00\"},{\"@type\":\"WebSite\",\"@id\":\"https:\\\/\\\/www.encontrapiracicaba.com.br\\\/sobre\\\/#website\",\"url\":\"https:\\\/\\\/www.encontrapiracicaba.com.br\\\/sobre\\\/\",\"name\":\"Encontra Piracicaba\",\"description\":\"Not\\u00edcias, eventos, informa\\u00e7\\u00f5es e dicas na cidade de Piracicaba e regi\\u00e3o\",\"inLanguage\":\"pt-BR\",\"publisher\":{\"@id\":\"https:\\\/\\\/www.encontrapiracicaba.com.br\\\/sobre\\\/#organization\"}}]}\n\t\t<\/script>\n\t\t<!-- All in One SEO -->\n\n","aioseo_head_json":{"title":"Festival de M\u00fasica Erudita encerra inscri\u00e7\u00f5es no dia 15 em Piracicaba | Encontra Piracicaba","description":"","canonical_url":"https:\/\/www.encontrapiracicaba.com.br\/sobre\/festival-de-musica-erudita-encerra-inscricoes-no-dia-15-em-piracicaba\/","robots":"max-image-preview:large","keywords":"","webmasterTools":{"miscellaneous":""},"schema":{"@context":"https:\/\/schema.org","@graph":[{"@type":"Article","@id":"https:\/\/www.encontrapiracicaba.com.br\/sobre\/festival-de-musica-erudita-encerra-inscricoes-no-dia-15-em-piracicaba\/#article","name":"Festival de M\u00fasica Erudita encerra inscri\u00e7\u00f5es no dia 15 em Piracicaba | Encontra Piracicaba","headline":"Festival de M\u00fasica Erudita encerra inscri\u00e7\u00f5es no dia 15 em Piracicaba","author":{"@id":"https:\/\/www.encontrapiracicaba.com.br\/sobre\/author\/epiracicaba\/#author"},"publisher":{"@id":"https:\/\/www.encontrapiracicaba.com.br\/sobre\/#organization"},"datePublished":"2012-07-11T11:46:53-03:00","dateModified":"2019-04-12T16:05:25-03:00","inLanguage":"pt-BR","mainEntityOfPage":{"@id":"https:\/\/www.encontrapiracicaba.com.br\/sobre\/festival-de-musica-erudita-encerra-inscricoes-no-dia-15-em-piracicaba\/#webpage"},"isPartOf":{"@id":"https:\/\/www.encontrapiracicaba.com.br\/sobre\/festival-de-musica-erudita-encerra-inscricoes-no-dia-15-em-piracicaba\/#webpage"},"articleSection":"Not\u00edcias Piracicaba"},{"@type":"BreadcrumbList","@id":"https:\/\/www.encontrapiracicaba.com.br\/sobre\/festival-de-musica-erudita-encerra-inscricoes-no-dia-15-em-piracicaba\/#breadcrumblist","itemListElement":[{"@type":"ListItem","@id":"https:\/\/www.encontrapiracicaba.com.br\/sobre#listItem","position":1,"name":"In\u00edcio","item":"https:\/\/www.encontrapiracicaba.com.br\/sobre","nextItem":{"@type":"ListItem","@id":"https:\/\/www.encontrapiracicaba.com.br\/sobre\/noticias-em-piracicaba\/#listItem","name":"Not\u00edcias Piracicaba"}},{"@type":"ListItem","@id":"https:\/\/www.encontrapiracicaba.com.br\/sobre\/noticias-em-piracicaba\/#listItem","position":2,"name":"Not\u00edcias Piracicaba","item":"https:\/\/www.encontrapiracicaba.com.br\/sobre\/noticias-em-piracicaba\/","nextItem":{"@type":"ListItem","@id":"https:\/\/www.encontrapiracicaba.com.br\/sobre\/festival-de-musica-erudita-encerra-inscricoes-no-dia-15-em-piracicaba\/#listItem","name":"Festival de M\u00fasica Erudita encerra inscri\u00e7\u00f5es no dia 15 em Piracicaba"},"previousItem":{"@type":"ListItem","@id":"https:\/\/www.encontrapiracicaba.com.br\/sobre#listItem","name":"In\u00edcio"}},{"@type":"ListItem","@id":"https:\/\/www.encontrapiracicaba.com.br\/sobre\/festival-de-musica-erudita-encerra-inscricoes-no-dia-15-em-piracicaba\/#listItem","position":3,"name":"Festival de M\u00fasica Erudita encerra inscri\u00e7\u00f5es no dia 15 em Piracicaba","previousItem":{"@type":"ListItem","@id":"https:\/\/www.encontrapiracicaba.com.br\/sobre\/noticias-em-piracicaba\/#listItem","name":"Not\u00edcias Piracicaba"}}]},{"@type":"Organization","@id":"https:\/\/www.encontrapiracicaba.com.br\/sobre\/#organization","name":"Encontra Piracicaba","description":"Not\u00edcias, eventos, informa\u00e7\u00f5es e dicas na cidade de Piracicaba e regi\u00e3o","url":"https:\/\/www.encontrapiracicaba.com.br\/sobre\/"},{"@type":"Person","@id":"https:\/\/www.encontrapiracicaba.com.br\/sobre\/author\/epiracicaba\/#author","url":"https:\/\/www.encontrapiracicaba.com.br\/sobre\/author\/epiracicaba\/","name":"Encontra Piracicaba","image":{"@type":"ImageObject","@id":"https:\/\/www.encontrapiracicaba.com.br\/sobre\/festival-de-musica-erudita-encerra-inscricoes-no-dia-15-em-piracicaba\/#authorImage","url":"https:\/\/secure.gravatar.com\/avatar\/507340682b8270222e1f208e23198b6ae7e2c6a1033ae84e99bc6bce4f82a387?s=96&d=mm&r=g","width":96,"height":96,"caption":"Encontra Piracicaba"}},{"@type":"WebPage","@id":"https:\/\/www.encontrapiracicaba.com.br\/sobre\/festival-de-musica-erudita-encerra-inscricoes-no-dia-15-em-piracicaba\/#webpage","url":"https:\/\/www.encontrapiracicaba.com.br\/sobre\/festival-de-musica-erudita-encerra-inscricoes-no-dia-15-em-piracicaba\/","name":"Festival de M\u00fasica Erudita encerra inscri\u00e7\u00f5es no dia 15 em Piracicaba | Encontra Piracicaba","inLanguage":"pt-BR","isPartOf":{"@id":"https:\/\/www.encontrapiracicaba.com.br\/sobre\/#website"},"breadcrumb":{"@id":"https:\/\/www.encontrapiracicaba.com.br\/sobre\/festival-de-musica-erudita-encerra-inscricoes-no-dia-15-em-piracicaba\/#breadcrumblist"},"author":{"@id":"https:\/\/www.encontrapiracicaba.com.br\/sobre\/author\/epiracicaba\/#author"},"creator":{"@id":"https:\/\/www.encontrapiracicaba.com.br\/sobre\/author\/epiracicaba\/#author"},"datePublished":"2012-07-11T11:46:53-03:00","dateModified":"2019-04-12T16:05:25-03:00"},{"@type":"WebSite","@id":"https:\/\/www.encontrapiracicaba.com.br\/sobre\/#website","url":"https:\/\/www.encontrapiracicaba.com.br\/sobre\/","name":"Encontra Piracicaba","description":"Not\u00edcias, eventos, informa\u00e7\u00f5es e dicas na cidade de Piracicaba e regi\u00e3o","inLanguage":"pt-BR","publisher":{"@id":"https:\/\/www.encontrapiracicaba.com.br\/sobre\/#organization"}}]},"og:locale":"pt_BR","og:site_name":"Encontra Piracicaba | Not\u00edcias, eventos, informa\u00e7\u00f5es e dicas na cidade de Piracicaba e regi\u00e3o","og:type":"article","og:title":"Festival de M\u00fasica Erudita encerra inscri\u00e7\u00f5es no dia 15 em Piracicaba | Encontra Piracicaba","og:url":"https:\/\/www.encontrapiracicaba.com.br\/sobre\/festival-de-musica-erudita-encerra-inscricoes-no-dia-15-em-piracicaba\/","article:published_time":"2012-07-11T14:46:53+00:00","article:modified_time":"2019-04-12T19:05:25+00:00","twitter:card":"summary","twitter:title":"Festival de M\u00fasica Erudita encerra inscri\u00e7\u00f5es no dia 15 em Piracicaba | Encontra Piracicaba"},"aioseo_meta_data":{"post_id":"983","title":null,"description":null,"keywords":null,"keyphrases":null,"primary_term":null,"canonical_url":null,"og_title":null,"og_description":null,"og_object_type":"default","og_image_type":"default","og_image_url":null,"og_image_width":null,"og_image_height":null,"og_image_custom_url":null,"og_image_custom_fields":null,"og_video":null,"og_custom_url":null,"og_article_section":null,"og_article_tags":null,"twitter_use_og":false,"twitter_card":"default","twitter_image_type":"default","twitter_image_url":null,"twitter_image_custom_url":null,"twitter_image_custom_fields":null,"twitter_title":null,"twitter_description":null,"schema":{"blockGraphs":[],"customGraphs":[],"default":{"data":{"Article":[],"Course":[],"Dataset":[],"FAQPage":[],"Movie":[],"Person":[],"Product":[],"ProductReview":[],"Car":[],"Recipe":[],"Service":[],"SoftwareApplication":[],"WebPage":[]},"graphName":"Article","isEnabled":true},"graphs":[]},"schema_type":null,"schema_type_options":null,"pillar_content":false,"robots_default":true,"robots_noindex":false,"robots_noarchive":false,"robots_nosnippet":false,"robots_nofollow":false,"robots_noimageindex":false,"robots_noodp":false,"robots_notranslate":false,"robots_max_snippet":null,"robots_max_videopreview":null,"robots_max_imagepreview":"large","priority":null,"frequency":null,"local_seo":null,"breadcrumb_settings":null,"limit_modified_date":false,"ai":null,"created":"2021-08-13 20:57:44","updated":"2025-10-04 00:19:49","focus_keyword":null,"additional_keywords":null,"truseo_locale":null,"seo_analyzer_scan_date":null},"aioseo_breadcrumb":"<div class=\"aioseo-breadcrumbs\"><span class=\"aioseo-breadcrumb\">\n\t\t\t<a href=\"https:\/\/www.encontrapiracicaba.com.br\/sobre\" title=\"In\u00edcio\">In\u00edcio<\/a>\n\t\t<\/span><span class=\"aioseo-breadcrumb-separator\">&raquo;<\/span><span class=\"aioseo-breadcrumb\">\n\t\t\t<a href=\"https:\/\/www.encontrapiracicaba.com.br\/sobre\/noticias-em-piracicaba\/\" title=\"Not\u00edcias Piracicaba\">Not\u00edcias Piracicaba<\/a>\n\t\t<\/span><span class=\"aioseo-breadcrumb-separator\">&raquo;<\/span><span class=\"aioseo-breadcrumb\">\n\t\t\tFestival de M\u00fasica Erudita encerra inscri\u00e7\u00f5es no dia 15 em Piracicaba\n\t\t<\/span><\/div>","aioseo_breadcrumb_json":[{"label":"In\u00edcio","link":"https:\/\/www.encontrapiracicaba.com.br\/sobre"},{"label":"Not\u00edcias Piracicaba","link":"https:\/\/www.encontrapiracicaba.com.br\/sobre\/noticias-em-piracicaba\/"},{"label":"Festival de M\u00fasica Erudita encerra inscri\u00e7\u00f5es no dia 15 em Piracicaba","link":"https:\/\/www.encontrapiracicaba.com.br\/sobre\/festival-de-musica-erudita-encerra-inscricoes-no-dia-15-em-piracicaba\/"}],"_links":{"self":[{"href":"https:\/\/www.encontrapiracicaba.com.br\/sobre\/wp-json\/wp\/v2\/posts\/983","targetHints":{"allow":["GET"]}}],"collection":[{"href":"https:\/\/www.encontrapiracicaba.com.br\/sobre\/wp-json\/wp\/v2\/posts"}],"about":[{"href":"https:\/\/www.encontrapiracicaba.com.br\/sobre\/wp-json\/wp\/v2\/types\/post"}],"author":[{"embeddable":true,"href":"https:\/\/www.encontrapiracicaba.com.br\/sobre\/wp-json\/wp\/v2\/users\/1"}],"replies":[{"embeddable":true,"href":"https:\/\/www.encontrapiracicaba.com.br\/sobre\/wp-json\/wp\/v2\/comments?post=983"}],"version-history":[{"count":2,"href":"https:\/\/www.encontrapiracicaba.com.br\/sobre\/wp-json\/wp\/v2\/posts\/983\/revisions"}],"predecessor-version":[{"id":2223,"href":"https:\/\/www.encontrapiracicaba.com.br\/sobre\/wp-json\/wp\/v2\/posts\/983\/revisions\/2223"}],"wp:attachment":[{"href":"https:\/\/www.encontrapiracicaba.com.br\/sobre\/wp-json\/wp\/v2\/media?parent=983"}],"wp:term":[{"taxonomy":"category","embeddable":true,"href":"https:\/\/www.encontrapiracicaba.com.br\/sobre\/wp-json\/wp\/v2\/categories?post=983"},{"taxonomy":"post_tag","embeddable":true,"href":"https:\/\/www.encontrapiracicaba.com.br\/sobre\/wp-json\/wp\/v2\/tags?post=983"}],"curies":[{"name":"wp","href":"https:\/\/api.w.org\/{rel}","templated":true}]}}